{"id":1899,"date":"2019-06-16T19:00:51","date_gmt":"2019-06-16T17:00:51","guid":{"rendered":"https:\/\/www.fregate-aero.com\/?p=1899"},"modified":"2022-10-14T15:30:15","modified_gmt":"2022-10-14T13:30:15","slug":"siae-2019-fregate-aero-stand-g138-hall2b","status":"publish","type":"post","link":"https:\/\/www.fregate-aero.com\/siae-2019-fregate-aero-stand-g138-hall2b\/","title":{"rendered":"SIAE 2019 &#8211; FREGATE AERO STAND G138 &#8211; HALL2B"},"content":{"rendered":"<p><img loading=\"lazy\" decoding=\"async\" class=\"alignnone wp-image-1900 size-full\" src=\"https:\/\/www.fregate-aero.com\/wp-content\/uploads\/2019\/06\/SIAE-2019-FREGATE-v2.png\" alt=\"\" width=\"735\" height=\"165\" data-id=\"1900\" srcset=\"https:\/\/www.fregate-aero.com\/wp-content\/uploads\/2019\/06\/SIAE-2019-FREGATE-v2.png 735w, https:\/\/www.fregate-aero.com\/wp-content\/uploads\/2019\/06\/SIAE-2019-FREGATE-v2-350x79.png 350w\" sizes=\"auto, (max-width: 735px) 100vw, 735px\" \/><\/p>\n<p><strong>Visit us JUNE 17-23, 2019\u00a0 &#8211; LE BOURGET<br \/>\n<\/strong><\/p>\n<p><a href=\"https:\/\/www.fregate-aero.com\/wp-content\/uploads\/2019\/06\/siae-stand-2019-e1560723733806.jpg\"><img loading=\"lazy\" decoding=\"async\" class=\"alignnone size-full wp-image-1967\" src=\"https:\/\/www.fregate-aero.com\/wp-content\/uploads\/2019\/06\/siae-stand-2019-e1560723733806.jpg\" alt=\"\" width=\"480\" height=\"640\" data-id=\"1967\" srcset=\"https:\/\/www.fregate-aero.com\/wp-content\/uploads\/2019\/06\/siae-stand-2019-e1560723733806.jpg 480w, https:\/\/www.fregate-aero.com\/wp-content\/uploads\/2019\/06\/siae-stand-2019-e1560723733806-350x467.jpg 350w\" sizes=\"auto, (max-width: 480px) 100vw, 480px\" \/><\/a><\/p>\n","protected":false},"excerpt":{"rendered":"<p>Visit us JUNE 17-23, 2019\u00a0 &#8211; LE BOURGET<\/p>\n","protected":false},"author":1,"featured_media":266,"comment_status":"closed","ping_status":"closed","sticky":false,"template":"","format":"standard","meta":{"footnotes":""},"categories":[9],"tags":[],"class_list":["post-1899","post","type-post","status-publish","format-standard","has-post-thumbnail","hentry","category-actualite"],"yoast_head":"<!-- This site is optimized with the Yoast SEO plugin v27.3 - https:\/\/yoast.com\/product\/yoast-seo-wordpress\/ -->\n<title>SIAE 2019 - FREGATE AERO STAND G138 - HALL2B - FREGATE AERO<\/title>\n<meta name=\"robots\" content=\"index, follow, max-snippet:-1, max-image-preview:large, max-video-preview:-1\" \/>\n<link rel=\"canonical\" href=\"https:\/\/www.fregate-aero.com\/siae-2019-fregate-aero-stand-g138-hall2b\/\" \/>\n<meta property=\"og:locale\" content=\"fr_FR\" \/>\n<meta property=\"og:type\" content=\"article\" \/>\n<meta property=\"og:title\" content=\"SIAE 2019 - FREGATE AERO STAND G138 - HALL2B - FREGATE AERO\" \/>\n<meta property=\"og:description\" content=\"Visit us JUNE 17-23, 2019\u00a0 &#8211; LE BOURGET\" \/>\n<meta property=\"og:url\" content=\"https:\/\/www.fregate-aero.com\/siae-2019-fregate-aero-stand-g138-hall2b\/\" \/>\n<meta property=\"og:site_name\" content=\"FREGATE AERO\" \/>\n<meta property=\"article:published_time\" content=\"2019-06-16T17:00:51+00:00\" \/>\n<meta property=\"article:modified_time\" content=\"2022-10-14T13:30:15+00:00\" \/>\n<meta property=\"og:image\" content=\"https:\/\/www.fregate-aero.com\/wp-content\/uploads\/2017\/11\/bourget-2017-efitam.jpg\" \/>\n\t<meta property=\"og:image:width\" content=\"1500\" \/>\n\t<meta property=\"og:image:height\" content=\"375\" \/>\n\t<meta property=\"og:image:type\" content=\"image\/jpeg\" \/>\n<meta name=\"author\" content=\"webmaster\" \/>\n<meta name=\"twitter:card\" content=\"summary_large_image\" \/>\n<meta name=\"twitter:label1\" content=\"\u00c9crit par\" \/>\n\t<meta name=\"twitter:data1\" content=\"webmaster\" \/>\n\t<meta name=\"twitter:label2\" content=\"Dur\u00e9e de lecture estim\u00e9e\" \/>\n\t<meta name=\"twitter:data2\" content=\"1 minute\" \/>\n<script type=\"application\/ld+json\" class=\"yoast-schema-graph\">{\"@context\":\"https:\\\/\\\/schema.org\",\"@graph\":[{\"@type\":\"Article\",\"@id\":\"https:\\\/\\\/www.fregate-aero.com\\\/siae-2019-fregate-aero-stand-g138-hall2b\\\/#article\",\"isPartOf\":{\"@id\":\"https:\\\/\\\/www.fregate-aero.com\\\/siae-2019-fregate-aero-stand-g138-hall2b\\\/\"},\"author\":{\"name\":\"webmaster\",\"@id\":\"https:\\\/\\\/www.fregate-aero.com\\\/#\\\/schema\\\/person\\\/82439743661996d8ea30aa2c47538f10\"},\"headline\":\"SIAE 2019 &#8211; FREGATE AERO STAND G138 &#8211; HALL2B\",\"datePublished\":\"2019-06-16T17:00:51+00:00\",\"dateModified\":\"2022-10-14T13:30:15+00:00\",\"mainEntityOfPage\":{\"@id\":\"https:\\\/\\\/www.fregate-aero.com\\\/siae-2019-fregate-aero-stand-g138-hall2b\\\/\"},\"wordCount\":16,\"publisher\":{\"@id\":\"https:\\\/\\\/www.fregate-aero.com\\\/#organization\"},\"image\":{\"@id\":\"https:\\\/\\\/www.fregate-aero.com\\\/siae-2019-fregate-aero-stand-g138-hall2b\\\/#primaryimage\"},\"thumbnailUrl\":\"https:\\\/\\\/www.fregate-aero.com\\\/wp-content\\\/uploads\\\/2017\\\/11\\\/bourget-2017-efitam.jpg\",\"articleSection\":[\"ACTUALITES\"],\"inLanguage\":\"fr-FR\"},{\"@type\":\"WebPage\",\"@id\":\"https:\\\/\\\/www.fregate-aero.com\\\/siae-2019-fregate-aero-stand-g138-hall2b\\\/\",\"url\":\"https:\\\/\\\/www.fregate-aero.com\\\/siae-2019-fregate-aero-stand-g138-hall2b\\\/\",\"name\":\"SIAE 2019 - FREGATE AERO STAND G138 - HALL2B - FREGATE AERO\",\"isPartOf\":{\"@id\":\"https:\\\/\\\/www.fregate-aero.com\\\/#website\"},\"primaryImageOfPage\":{\"@id\":\"https:\\\/\\\/www.fregate-aero.com\\\/siae-2019-fregate-aero-stand-g138-hall2b\\\/#primaryimage\"},\"image\":{\"@id\":\"https:\\\/\\\/www.fregate-aero.com\\\/siae-2019-fregate-aero-stand-g138-hall2b\\\/#primaryimage\"},\"thumbnailUrl\":\"https:\\\/\\\/www.fregate-aero.com\\\/wp-content\\\/uploads\\\/2017\\\/11\\\/bourget-2017-efitam.jpg\",\"datePublished\":\"2019-06-16T17:00:51+00:00\",\"dateModified\":\"2022-10-14T13:30:15+00:00\",\"breadcrumb\":{\"@id\":\"https:\\\/\\\/www.fregate-aero.com\\\/siae-2019-fregate-aero-stand-g138-hall2b\\\/#breadcrumb\"},\"inLanguage\":\"fr-FR\",\"potentialAction\":[{\"@type\":\"ReadAction\",\"target\":[\"https:\\\/\\\/www.fregate-aero.com\\\/siae-2019-fregate-aero-stand-g138-hall2b\\\/\"]}]},{\"@type\":\"ImageObject\",\"inLanguage\":\"fr-FR\",\"@id\":\"https:\\\/\\\/www.fregate-aero.com\\\/siae-2019-fregate-aero-stand-g138-hall2b\\\/#primaryimage\",\"url\":\"https:\\\/\\\/www.fregate-aero.com\\\/wp-content\\\/uploads\\\/2017\\\/11\\\/bourget-2017-efitam.jpg\",\"contentUrl\":\"https:\\\/\\\/www.fregate-aero.com\\\/wp-content\\\/uploads\\\/2017\\\/11\\\/bourget-2017-efitam.jpg\",\"width\":1500,\"height\":375},{\"@type\":\"BreadcrumbList\",\"@id\":\"https:\\\/\\\/www.fregate-aero.com\\\/siae-2019-fregate-aero-stand-g138-hall2b\\\/#breadcrumb\",\"itemListElement\":[{\"@type\":\"ListItem\",\"position\":1,\"name\":\"Accueil\",\"item\":\"https:\\\/\\\/www.fregate-aero.com\\\/\"},{\"@type\":\"ListItem\",\"position\":2,\"name\":\"SIAE 2019 &#8211; FREGATE AERO STAND G138 &#8211; HALL2B\"}]},{\"@type\":\"WebSite\",\"@id\":\"https:\\\/\\\/www.fregate-aero.com\\\/#website\",\"url\":\"https:\\\/\\\/www.fregate-aero.com\\\/\",\"name\":\"FREGATE AERO\",\"description\":\"| Metal Structures for Aircraft\",\"publisher\":{\"@id\":\"https:\\\/\\\/www.fregate-aero.com\\\/#organization\"},\"potentialAction\":[{\"@type\":\"SearchAction\",\"target\":{\"@type\":\"EntryPoint\",\"urlTemplate\":\"https:\\\/\\\/www.fregate-aero.com\\\/?s={search_term_string}\"},\"query-input\":{\"@type\":\"PropertyValueSpecification\",\"valueRequired\":true,\"valueName\":\"search_term_string\"}}],\"inLanguage\":\"fr-FR\"},{\"@type\":\"Organization\",\"@id\":\"https:\\\/\\\/www.fregate-aero.com\\\/#organization\",\"name\":\"FREGATE AERO\",\"url\":\"https:\\\/\\\/www.fregate-aero.com\\\/\",\"logo\":{\"@type\":\"ImageObject\",\"inLanguage\":\"fr-FR\",\"@id\":\"https:\\\/\\\/www.fregate-aero.com\\\/#\\\/schema\\\/logo\\\/image\\\/\",\"url\":\"https:\\\/\\\/www.fregate-aero.com\\\/wp-content\\\/uploads\\\/2021\\\/12\\\/cropped-LOGO-FREGATE-AERO.png\",\"contentUrl\":\"https:\\\/\\\/www.fregate-aero.com\\\/wp-content\\\/uploads\\\/2021\\\/12\\\/cropped-LOGO-FREGATE-AERO.png\",\"width\":304,\"height\":111,\"caption\":\"FREGATE AERO\"},\"image\":{\"@id\":\"https:\\\/\\\/www.fregate-aero.com\\\/#\\\/schema\\\/logo\\\/image\\\/\"}},{\"@type\":\"Person\",\"@id\":\"https:\\\/\\\/www.fregate-aero.com\\\/#\\\/schema\\\/person\\\/82439743661996d8ea30aa2c47538f10\",\"name\":\"webmaster\",\"image\":{\"@type\":\"ImageObject\",\"inLanguage\":\"fr-FR\",\"@id\":\"https:\\\/\\\/secure.gravatar.com\\\/avatar\\\/5b9c05d3bcc17e206913a15fac619a1d4e474e6aabf109912f07cfe5928493f6?s=96&d=mm&r=g\",\"url\":\"https:\\\/\\\/secure.gravatar.com\\\/avatar\\\/5b9c05d3bcc17e206913a15fac619a1d4e474e6aabf109912f07cfe5928493f6?s=96&d=mm&r=g\",\"contentUrl\":\"https:\\\/\\\/secure.gravatar.com\\\/avatar\\\/5b9c05d3bcc17e206913a15fac619a1d4e474e6aabf109912f07cfe5928493f6?s=96&d=mm&r=g\",\"caption\":\"webmaster\"},\"url\":\"https:\\\/\\\/www.fregate-aero.com\\\/author\\\/wb26\\\/\"}]}<\/script>\n<!-- \/ Yoast SEO plugin. -->","yoast_head_json":{"title":"SIAE 2019 - FREGATE AERO STAND G138 - HALL2B - FREGATE AERO","robots":{"index":"index","follow":"follow","max-snippet":"max-snippet:-1","max-image-preview":"max-image-preview:large","max-video-preview":"max-video-preview:-1"},"canonical":"https:\/\/www.fregate-aero.com\/siae-2019-fregate-aero-stand-g138-hall2b\/","og_locale":"fr_FR","og_type":"article","og_title":"SIAE 2019 - FREGATE AERO STAND G138 - HALL2B - FREGATE AERO","og_description":"Visit us JUNE 17-23, 2019\u00a0 &#8211; LE BOURGET","og_url":"https:\/\/www.fregate-aero.com\/siae-2019-fregate-aero-stand-g138-hall2b\/","og_site_name":"FREGATE AERO","article_published_time":"2019-06-16T17:00:51+00:00","article_modified_time":"2022-10-14T13:30:15+00:00","og_image":[{"width":1500,"height":375,"url":"https:\/\/www.fregate-aero.com\/wp-content\/uploads\/2017\/11\/bourget-2017-efitam.jpg","type":"image\/jpeg"}],"author":"webmaster","twitter_card":"summary_large_image","twitter_misc":{"\u00c9crit par":"webmaster","Dur\u00e9e de lecture estim\u00e9e":"1 minute"},"schema":{"@context":"https:\/\/schema.org","@graph":[{"@type":"Article","@id":"https:\/\/www.fregate-aero.com\/siae-2019-fregate-aero-stand-g138-hall2b\/#article","isPartOf":{"@id":"https:\/\/www.fregate-aero.com\/siae-2019-fregate-aero-stand-g138-hall2b\/"},"author":{"name":"webmaster","@id":"https:\/\/www.fregate-aero.com\/#\/schema\/person\/82439743661996d8ea30aa2c47538f10"},"headline":"SIAE 2019 &#8211; FREGATE AERO STAND G138 &#8211; HALL2B","datePublished":"2019-06-16T17:00:51+00:00","dateModified":"2022-10-14T13:30:15+00:00","mainEntityOfPage":{"@id":"https:\/\/www.fregate-aero.com\/siae-2019-fregate-aero-stand-g138-hall2b\/"},"wordCount":16,"publisher":{"@id":"https:\/\/www.fregate-aero.com\/#organization"},"image":{"@id":"https:\/\/www.fregate-aero.com\/siae-2019-fregate-aero-stand-g138-hall2b\/#primaryimage"},"thumbnailUrl":"https:\/\/www.fregate-aero.com\/wp-content\/uploads\/2017\/11\/bourget-2017-efitam.jpg","articleSection":["ACTUALITES"],"inLanguage":"fr-FR"},{"@type":"WebPage","@id":"https:\/\/www.fregate-aero.com\/siae-2019-fregate-aero-stand-g138-hall2b\/","url":"https:\/\/www.fregate-aero.com\/siae-2019-fregate-aero-stand-g138-hall2b\/","name":"SIAE 2019 - FREGATE AERO STAND G138 - HALL2B - FREGATE AERO","isPartOf":{"@id":"https:\/\/www.fregate-aero.com\/#website"},"primaryImageOfPage":{"@id":"https:\/\/www.fregate-aero.com\/siae-2019-fregate-aero-stand-g138-hall2b\/#primaryimage"},"image":{"@id":"https:\/\/www.fregate-aero.com\/siae-2019-fregate-aero-stand-g138-hall2b\/#primaryimage"},"thumbnailUrl":"https:\/\/www.fregate-aero.com\/wp-content\/uploads\/2017\/11\/bourget-2017-efitam.jpg","datePublished":"2019-06-16T17:00:51+00:00","dateModified":"2022-10-14T13:30:15+00:00","breadcrumb":{"@id":"https:\/\/www.fregate-aero.com\/siae-2019-fregate-aero-stand-g138-hall2b\/#breadcrumb"},"inLanguage":"fr-FR","potentialAction":[{"@type":"ReadAction","target":["https:\/\/www.fregate-aero.com\/siae-2019-fregate-aero-stand-g138-hall2b\/"]}]},{"@type":"ImageObject","inLanguage":"fr-FR","@id":"https:\/\/www.fregate-aero.com\/siae-2019-fregate-aero-stand-g138-hall2b\/#primaryimage","url":"https:\/\/www.fregate-aero.com\/wp-content\/uploads\/2017\/11\/bourget-2017-efitam.jpg","contentUrl":"https:\/\/www.fregate-aero.com\/wp-content\/uploads\/2017\/11\/bourget-2017-efitam.jpg","width":1500,"height":375},{"@type":"BreadcrumbList","@id":"https:\/\/www.fregate-aero.com\/siae-2019-fregate-aero-stand-g138-hall2b\/#breadcrumb","itemListElement":[{"@type":"ListItem","position":1,"name":"Accueil","item":"https:\/\/www.fregate-aero.com\/"},{"@type":"ListItem","position":2,"name":"SIAE 2019 &#8211; FREGATE AERO STAND G138 &#8211; HALL2B"}]},{"@type":"WebSite","@id":"https:\/\/www.fregate-aero.com\/#website","url":"https:\/\/www.fregate-aero.com\/","name":"FREGATE AERO","description":"| Metal Structures for Aircraft","publisher":{"@id":"https:\/\/www.fregate-aero.com\/#organization"},"potentialAction":[{"@type":"SearchAction","target":{"@type":"EntryPoint","urlTemplate":"https:\/\/www.fregate-aero.com\/?s={search_term_string}"},"query-input":{"@type":"PropertyValueSpecification","valueRequired":true,"valueName":"search_term_string"}}],"inLanguage":"fr-FR"},{"@type":"Organization","@id":"https:\/\/www.fregate-aero.com\/#organization","name":"FREGATE AERO","url":"https:\/\/www.fregate-aero.com\/","logo":{"@type":"ImageObject","inLanguage":"fr-FR","@id":"https:\/\/www.fregate-aero.com\/#\/schema\/logo\/image\/","url":"https:\/\/www.fregate-aero.com\/wp-content\/uploads\/2021\/12\/cropped-LOGO-FREGATE-AERO.png","contentUrl":"https:\/\/www.fregate-aero.com\/wp-content\/uploads\/2021\/12\/cropped-LOGO-FREGATE-AERO.png","width":304,"height":111,"caption":"FREGATE AERO"},"image":{"@id":"https:\/\/www.fregate-aero.com\/#\/schema\/logo\/image\/"}},{"@type":"Person","@id":"https:\/\/www.fregate-aero.com\/#\/schema\/person\/82439743661996d8ea30aa2c47538f10","name":"webmaster","image":{"@type":"ImageObject","inLanguage":"fr-FR","@id":"https:\/\/secure.gravatar.com\/avatar\/5b9c05d3bcc17e206913a15fac619a1d4e474e6aabf109912f07cfe5928493f6?s=96&d=mm&r=g","url":"https:\/\/secure.gravatar.com\/avatar\/5b9c05d3bcc17e206913a15fac619a1d4e474e6aabf109912f07cfe5928493f6?s=96&d=mm&r=g","contentUrl":"https:\/\/secure.gravatar.com\/avatar\/5b9c05d3bcc17e206913a15fac619a1d4e474e6aabf109912f07cfe5928493f6?s=96&d=mm&r=g","caption":"webmaster"},"url":"https:\/\/www.fregate-aero.com\/author\/wb26\/"}]}},"_links":{"self":[{"href":"https:\/\/www.fregate-aero.com\/wfpf-json\/wp\/v2\/posts\/1899","targetHints":{"allow":["GET"]}}],"collection":[{"href":"https:\/\/www.fregate-aero.com\/wfpf-json\/wp\/v2\/posts"}],"about":[{"href":"https:\/\/www.fregate-aero.com\/wfpf-json\/wp\/v2\/types\/post"}],"author":[{"embeddable":true,"href":"https:\/\/www.fregate-aero.com\/wfpf-json\/wp\/v2\/users\/1"}],"replies":[{"embeddable":true,"href":"https:\/\/www.fregate-aero.com\/wfpf-json\/wp\/v2\/comments?post=1899"}],"version-history":[{"count":4,"href":"https:\/\/www.fregate-aero.com\/wfpf-json\/wp\/v2\/posts\/1899\/revisions"}],"predecessor-version":[{"id":4349,"href":"https:\/\/www.fregate-aero.com\/wfpf-json\/wp\/v2\/posts\/1899\/revisions\/4349"}],"wp:featuredmedia":[{"embeddable":true,"href":"https:\/\/www.fregate-aero.com\/wfpf-json\/wp\/v2\/media\/266"}],"wp:attachment":[{"href":"https:\/\/www.fregate-aero.com\/wfpf-json\/wp\/v2\/media?parent=1899"}],"wp:term":[{"taxonomy":"category","embeddable":true,"href":"https:\/\/www.fregate-aero.com\/wfpf-json\/wp\/v2\/categories?post=1899"},{"taxonomy":"post_tag","embeddable":true,"href":"https:\/\/www.fregate-aero.com\/wfpf-json\/wp\/v2\/tags?post=1899"}],"curies":[{"name":"wp","href":"https:\/\/api.w.org\/{rel}","templated":true}]}}