{"id":3091,"date":"2020-12-21T17:05:30","date_gmt":"2020-12-21T16:05:30","guid":{"rendered":"https:\/\/www.fregate-aero.com\/?p=3091"},"modified":"2020-12-22T11:10:55","modified_gmt":"2020-12-22T10:10:55","slug":"projet-emergence-2023-groupe-fregate","status":"publish","type":"post","link":"https:\/\/www.fregate-aero.com\/projet-emergence-2023-groupe-fregate\/","title":{"rendered":"PROJET EMERGENCE 2023 \u2013 GROUPE FREGATE"},"content":{"rendered":"<p><img loading=\"lazy\" decoding=\"async\" class=\"alignnone size-medium wp-image-3105\" src=\"https:\/\/www.fregate-aero.com\/wp-content\/uploads\/2020\/12\/emergence-fregate-12-2020-3-800x419.jpg\" alt=\"\" width=\"800\" height=\"419\" data-id=\"3105\" srcset=\"https:\/\/www.fregate-aero.com\/wp-content\/uploads\/2020\/12\/emergence-fregate-12-2020-3-800x419.jpg 800w, https:\/\/www.fregate-aero.com\/wp-content\/uploads\/2020\/12\/emergence-fregate-12-2020-3.jpg 1200w\" sizes=\"auto, (max-width: 800px) 100vw, 800px\" \/><\/p>\n<p><strong>Le Groupe Fregate est honor\u00e9 d\u2019\u00eatre laur\u00e9at du fonds de modernisation a\u00e9ronautique dans le cadre de son projet Emergence 2023.<\/strong><\/p>\n<p>3 grandes lignes :<br \/>\n&#8211; Un outil industriel d\u2019usinage concentr\u00e9 et relocalis\u00e9 au si\u00e8ge social Ard\u00e9chois ;<br \/>\n&#8211; Un effort de modernisation productive et \u00e0 faible empreinte \u00e9nerg\u00e9tique,<br \/>\n&#8211; des usines ou il fait bon travailler \u00e0 empreinte \u00e9cologique fortement r\u00e9duite.<\/p>\n<p>5,4 millions d\u2019euros sont investis sur 3 ans. Ce qui permettra au Groupe Fregate de se hisser aux standards exig\u00e9s par les donneurs d\u2019ordre a\u00e9ronautiques, et de les accompagner \u00e0 maintenir et d\u00e9velopper l\u2019activit\u00e9 de la fili\u00e8re dans les ann\u00e9es \u00e0 venir.<\/p>\n<p>Merci au Gouvernement fran\u00e7ais, au Minist\u00e8re de l&rsquo;\u00c9conomie, des Finances et de la Relance, \u00e0 Mme la Ministre D\u00e9l\u00e9gu\u00e9e Agn\u00e8s Pannier-Runacher, pour la confiance et le soutien apport\u00e9s \u00e0 notre projet.<\/p>\n<p><a href=\"https:\/\/www.economie.gouv.fr\/plan-de-relance\/fonds-de-modernisation-automobile-et-aeronautique-les-laureats\" target=\"_blank\" rel=\"noopener\"><strong>&gt; EN SAVOIR PLUS<\/strong><\/a><\/p>\n","protected":false},"excerpt":{"rendered":"<p>Le Groupe Fregate est honor\u00e9 d\u2019\u00eatre laur\u00e9at du fonds de modernisation a\u00e9ronautique dans le cadre de son projet Emergence 2023. 3 grandes lignes : &#8211; Un outil industriel d\u2019usinage concentr\u00e9 et relocalis\u00e9 au si\u00e8ge social Ard\u00e9chois ; &#8211; Un effort de modernisation productive et \u00e0 faible empreinte \u00e9nerg\u00e9tique, &#8211; des usines ou il fait bon [&hellip;]<\/p>\n","protected":false},"author":1,"featured_media":3105,"comment_status":"closed","ping_status":"closed","sticky":false,"template":"","format":"standard","meta":{"footnotes":""},"categories":[9],"tags":[],"class_list":["post-3091","post","type-post","status-publish","format-standard","has-post-thumbnail","hentry","category-actualite"],"yoast_head":"<!-- This site is optimized with the Yoast SEO plugin v27.3 - https:\/\/yoast.com\/product\/yoast-seo-wordpress\/ -->\n<title>PROJET EMERGENCE 2023 \u2013 GROUPE FREGATE - FREGATE AERO<\/title>\n<meta name=\"robots\" content=\"index, follow, max-snippet:-1, max-image-preview:large, max-video-preview:-1\" \/>\n<link rel=\"canonical\" href=\"https:\/\/www.fregate-aero.com\/projet-emergence-2023-groupe-fregate\/\" \/>\n<meta property=\"og:locale\" content=\"fr_FR\" \/>\n<meta property=\"og:type\" content=\"article\" \/>\n<meta property=\"og:title\" content=\"PROJET EMERGENCE 2023 \u2013 GROUPE FREGATE - FREGATE AERO\" \/>\n<meta property=\"og:description\" content=\"Le Groupe Fregate est honor\u00e9 d\u2019\u00eatre laur\u00e9at du fonds de modernisation a\u00e9ronautique dans le cadre de son projet Emergence 2023. 3 grandes lignes : &#8211; Un outil industriel d\u2019usinage concentr\u00e9 et relocalis\u00e9 au si\u00e8ge social Ard\u00e9chois ; &#8211; Un effort de modernisation productive et \u00e0 faible empreinte \u00e9nerg\u00e9tique, &#8211; des usines ou il fait bon [&hellip;]\" \/>\n<meta property=\"og:url\" content=\"https:\/\/www.fregate-aero.com\/projet-emergence-2023-groupe-fregate\/\" \/>\n<meta property=\"og:site_name\" content=\"FREGATE AERO\" \/>\n<meta property=\"article:published_time\" content=\"2020-12-21T16:05:30+00:00\" \/>\n<meta property=\"article:modified_time\" content=\"2020-12-22T10:10:55+00:00\" \/>\n<meta property=\"og:image\" content=\"https:\/\/www.fregate-aero.com\/wp-content\/uploads\/2020\/12\/emergence-fregate-12-2020-3.jpg\" \/>\n\t<meta property=\"og:image:width\" content=\"1200\" \/>\n\t<meta property=\"og:image:height\" content=\"628\" \/>\n\t<meta property=\"og:image:type\" content=\"image\/jpeg\" \/>\n<meta name=\"author\" content=\"webmaster\" \/>\n<meta name=\"twitter:card\" content=\"summary_large_image\" \/>\n<meta name=\"twitter:label1\" content=\"\u00c9crit par\" \/>\n\t<meta name=\"twitter:data1\" content=\"webmaster\" \/>\n\t<meta name=\"twitter:label2\" content=\"Dur\u00e9e de lecture estim\u00e9e\" \/>\n\t<meta name=\"twitter:data2\" content=\"1 minute\" \/>\n<script type=\"application\/ld+json\" class=\"yoast-schema-graph\">{\"@context\":\"https:\\\/\\\/schema.org\",\"@graph\":[{\"@type\":\"Article\",\"@id\":\"https:\\\/\\\/www.fregate-aero.com\\\/projet-emergence-2023-groupe-fregate\\\/#article\",\"isPartOf\":{\"@id\":\"https:\\\/\\\/www.fregate-aero.com\\\/projet-emergence-2023-groupe-fregate\\\/\"},\"author\":{\"name\":\"webmaster\",\"@id\":\"https:\\\/\\\/www.fregate-aero.com\\\/#\\\/schema\\\/person\\\/82439743661996d8ea30aa2c47538f10\"},\"headline\":\"PROJET EMERGENCE 2023 \u2013 GROUPE FREGATE\",\"datePublished\":\"2020-12-21T16:05:30+00:00\",\"dateModified\":\"2020-12-22T10:10:55+00:00\",\"mainEntityOfPage\":{\"@id\":\"https:\\\/\\\/www.fregate-aero.com\\\/projet-emergence-2023-groupe-fregate\\\/\"},\"wordCount\":154,\"publisher\":{\"@id\":\"https:\\\/\\\/www.fregate-aero.com\\\/#organization\"},\"image\":{\"@id\":\"https:\\\/\\\/www.fregate-aero.com\\\/projet-emergence-2023-groupe-fregate\\\/#primaryimage\"},\"thumbnailUrl\":\"https:\\\/\\\/www.fregate-aero.com\\\/wp-content\\\/uploads\\\/2020\\\/12\\\/emergence-fregate-12-2020-3.jpg\",\"articleSection\":[\"ACTUALITES\"],\"inLanguage\":\"fr-FR\"},{\"@type\":\"WebPage\",\"@id\":\"https:\\\/\\\/www.fregate-aero.com\\\/projet-emergence-2023-groupe-fregate\\\/\",\"url\":\"https:\\\/\\\/www.fregate-aero.com\\\/projet-emergence-2023-groupe-fregate\\\/\",\"name\":\"PROJET EMERGENCE 2023 \u2013 GROUPE FREGATE - FREGATE AERO\",\"isPartOf\":{\"@id\":\"https:\\\/\\\/www.fregate-aero.com\\\/#website\"},\"primaryImageOfPage\":{\"@id\":\"https:\\\/\\\/www.fregate-aero.com\\\/projet-emergence-2023-groupe-fregate\\\/#primaryimage\"},\"image\":{\"@id\":\"https:\\\/\\\/www.fregate-aero.com\\\/projet-emergence-2023-groupe-fregate\\\/#primaryimage\"},\"thumbnailUrl\":\"https:\\\/\\\/www.fregate-aero.com\\\/wp-content\\\/uploads\\\/2020\\\/12\\\/emergence-fregate-12-2020-3.jpg\",\"datePublished\":\"2020-12-21T16:05:30+00:00\",\"dateModified\":\"2020-12-22T10:10:55+00:00\",\"breadcrumb\":{\"@id\":\"https:\\\/\\\/www.fregate-aero.com\\\/projet-emergence-2023-groupe-fregate\\\/#breadcrumb\"},\"inLanguage\":\"fr-FR\",\"potentialAction\":[{\"@type\":\"ReadAction\",\"target\":[\"https:\\\/\\\/www.fregate-aero.com\\\/projet-emergence-2023-groupe-fregate\\\/\"]}]},{\"@type\":\"ImageObject\",\"inLanguage\":\"fr-FR\",\"@id\":\"https:\\\/\\\/www.fregate-aero.com\\\/projet-emergence-2023-groupe-fregate\\\/#primaryimage\",\"url\":\"https:\\\/\\\/www.fregate-aero.com\\\/wp-content\\\/uploads\\\/2020\\\/12\\\/emergence-fregate-12-2020-3.jpg\",\"contentUrl\":\"https:\\\/\\\/www.fregate-aero.com\\\/wp-content\\\/uploads\\\/2020\\\/12\\\/emergence-fregate-12-2020-3.jpg\",\"width\":1200,\"height\":628},{\"@type\":\"BreadcrumbList\",\"@id\":\"https:\\\/\\\/www.fregate-aero.com\\\/projet-emergence-2023-groupe-fregate\\\/#breadcrumb\",\"itemListElement\":[{\"@type\":\"ListItem\",\"position\":1,\"name\":\"Accueil\",\"item\":\"https:\\\/\\\/www.fregate-aero.com\\\/\"},{\"@type\":\"ListItem\",\"position\":2,\"name\":\"PROJET EMERGENCE 2023 \u2013 GROUPE FREGATE\"}]},{\"@type\":\"WebSite\",\"@id\":\"https:\\\/\\\/www.fregate-aero.com\\\/#website\",\"url\":\"https:\\\/\\\/www.fregate-aero.com\\\/\",\"name\":\"FREGATE AERO\",\"description\":\"| Metal Structures for Aircraft\",\"publisher\":{\"@id\":\"https:\\\/\\\/www.fregate-aero.com\\\/#organization\"},\"potentialAction\":[{\"@type\":\"SearchAction\",\"target\":{\"@type\":\"EntryPoint\",\"urlTemplate\":\"https:\\\/\\\/www.fregate-aero.com\\\/?s={search_term_string}\"},\"query-input\":{\"@type\":\"PropertyValueSpecification\",\"valueRequired\":true,\"valueName\":\"search_term_string\"}}],\"inLanguage\":\"fr-FR\"},{\"@type\":\"Organization\",\"@id\":\"https:\\\/\\\/www.fregate-aero.com\\\/#organization\",\"name\":\"FREGATE AERO\",\"url\":\"https:\\\/\\\/www.fregate-aero.com\\\/\",\"logo\":{\"@type\":\"ImageObject\",\"inLanguage\":\"fr-FR\",\"@id\":\"https:\\\/\\\/www.fregate-aero.com\\\/#\\\/schema\\\/logo\\\/image\\\/\",\"url\":\"https:\\\/\\\/www.fregate-aero.com\\\/wp-content\\\/uploads\\\/2021\\\/12\\\/cropped-LOGO-FREGATE-AERO.png\",\"contentUrl\":\"https:\\\/\\\/www.fregate-aero.com\\\/wp-content\\\/uploads\\\/2021\\\/12\\\/cropped-LOGO-FREGATE-AERO.png\",\"width\":304,\"height\":111,\"caption\":\"FREGATE AERO\"},\"image\":{\"@id\":\"https:\\\/\\\/www.fregate-aero.com\\\/#\\\/schema\\\/logo\\\/image\\\/\"}},{\"@type\":\"Person\",\"@id\":\"https:\\\/\\\/www.fregate-aero.com\\\/#\\\/schema\\\/person\\\/82439743661996d8ea30aa2c47538f10\",\"name\":\"webmaster\",\"image\":{\"@type\":\"ImageObject\",\"inLanguage\":\"fr-FR\",\"@id\":\"https:\\\/\\\/secure.gravatar.com\\\/avatar\\\/5b9c05d3bcc17e206913a15fac619a1d4e474e6aabf109912f07cfe5928493f6?s=96&d=mm&r=g\",\"url\":\"https:\\\/\\\/secure.gravatar.com\\\/avatar\\\/5b9c05d3bcc17e206913a15fac619a1d4e474e6aabf109912f07cfe5928493f6?s=96&d=mm&r=g\",\"contentUrl\":\"https:\\\/\\\/secure.gravatar.com\\\/avatar\\\/5b9c05d3bcc17e206913a15fac619a1d4e474e6aabf109912f07cfe5928493f6?s=96&d=mm&r=g\",\"caption\":\"webmaster\"},\"url\":\"https:\\\/\\\/www.fregate-aero.com\\\/author\\\/wb26\\\/\"}]}<\/script>\n<!-- \/ Yoast SEO plugin. -->","yoast_head_json":{"title":"PROJET EMERGENCE 2023 \u2013 GROUPE FREGATE - FREGATE AERO","robots":{"index":"index","follow":"follow","max-snippet":"max-snippet:-1","max-image-preview":"max-image-preview:large","max-video-preview":"max-video-preview:-1"},"canonical":"https:\/\/www.fregate-aero.com\/projet-emergence-2023-groupe-fregate\/","og_locale":"fr_FR","og_type":"article","og_title":"PROJET EMERGENCE 2023 \u2013 GROUPE FREGATE - FREGATE AERO","og_description":"Le Groupe Fregate est honor\u00e9 d\u2019\u00eatre laur\u00e9at du fonds de modernisation a\u00e9ronautique dans le cadre de son projet Emergence 2023. 3 grandes lignes : &#8211; Un outil industriel d\u2019usinage concentr\u00e9 et relocalis\u00e9 au si\u00e8ge social Ard\u00e9chois ; &#8211; Un effort de modernisation productive et \u00e0 faible empreinte \u00e9nerg\u00e9tique, &#8211; des usines ou il fait bon [&hellip;]","og_url":"https:\/\/www.fregate-aero.com\/projet-emergence-2023-groupe-fregate\/","og_site_name":"FREGATE AERO","article_published_time":"2020-12-21T16:05:30+00:00","article_modified_time":"2020-12-22T10:10:55+00:00","og_image":[{"width":1200,"height":628,"url":"https:\/\/www.fregate-aero.com\/wp-content\/uploads\/2020\/12\/emergence-fregate-12-2020-3.jpg","type":"image\/jpeg"}],"author":"webmaster","twitter_card":"summary_large_image","twitter_misc":{"\u00c9crit par":"webmaster","Dur\u00e9e de lecture estim\u00e9e":"1 minute"},"schema":{"@context":"https:\/\/schema.org","@graph":[{"@type":"Article","@id":"https:\/\/www.fregate-aero.com\/projet-emergence-2023-groupe-fregate\/#article","isPartOf":{"@id":"https:\/\/www.fregate-aero.com\/projet-emergence-2023-groupe-fregate\/"},"author":{"name":"webmaster","@id":"https:\/\/www.fregate-aero.com\/#\/schema\/person\/82439743661996d8ea30aa2c47538f10"},"headline":"PROJET EMERGENCE 2023 \u2013 GROUPE FREGATE","datePublished":"2020-12-21T16:05:30+00:00","dateModified":"2020-12-22T10:10:55+00:00","mainEntityOfPage":{"@id":"https:\/\/www.fregate-aero.com\/projet-emergence-2023-groupe-fregate\/"},"wordCount":154,"publisher":{"@id":"https:\/\/www.fregate-aero.com\/#organization"},"image":{"@id":"https:\/\/www.fregate-aero.com\/projet-emergence-2023-groupe-fregate\/#primaryimage"},"thumbnailUrl":"https:\/\/www.fregate-aero.com\/wp-content\/uploads\/2020\/12\/emergence-fregate-12-2020-3.jpg","articleSection":["ACTUALITES"],"inLanguage":"fr-FR"},{"@type":"WebPage","@id":"https:\/\/www.fregate-aero.com\/projet-emergence-2023-groupe-fregate\/","url":"https:\/\/www.fregate-aero.com\/projet-emergence-2023-groupe-fregate\/","name":"PROJET EMERGENCE 2023 \u2013 GROUPE FREGATE - FREGATE AERO","isPartOf":{"@id":"https:\/\/www.fregate-aero.com\/#website"},"primaryImageOfPage":{"@id":"https:\/\/www.fregate-aero.com\/projet-emergence-2023-groupe-fregate\/#primaryimage"},"image":{"@id":"https:\/\/www.fregate-aero.com\/projet-emergence-2023-groupe-fregate\/#primaryimage"},"thumbnailUrl":"https:\/\/www.fregate-aero.com\/wp-content\/uploads\/2020\/12\/emergence-fregate-12-2020-3.jpg","datePublished":"2020-12-21T16:05:30+00:00","dateModified":"2020-12-22T10:10:55+00:00","breadcrumb":{"@id":"https:\/\/www.fregate-aero.com\/projet-emergence-2023-groupe-fregate\/#breadcrumb"},"inLanguage":"fr-FR","potentialAction":[{"@type":"ReadAction","target":["https:\/\/www.fregate-aero.com\/projet-emergence-2023-groupe-fregate\/"]}]},{"@type":"ImageObject","inLanguage":"fr-FR","@id":"https:\/\/www.fregate-aero.com\/projet-emergence-2023-groupe-fregate\/#primaryimage","url":"https:\/\/www.fregate-aero.com\/wp-content\/uploads\/2020\/12\/emergence-fregate-12-2020-3.jpg","contentUrl":"https:\/\/www.fregate-aero.com\/wp-content\/uploads\/2020\/12\/emergence-fregate-12-2020-3.jpg","width":1200,"height":628},{"@type":"BreadcrumbList","@id":"https:\/\/www.fregate-aero.com\/projet-emergence-2023-groupe-fregate\/#breadcrumb","itemListElement":[{"@type":"ListItem","position":1,"name":"Accueil","item":"https:\/\/www.fregate-aero.com\/"},{"@type":"ListItem","position":2,"name":"PROJET EMERGENCE 2023 \u2013 GROUPE FREGATE"}]},{"@type":"WebSite","@id":"https:\/\/www.fregate-aero.com\/#website","url":"https:\/\/www.fregate-aero.com\/","name":"FREGATE AERO","description":"| Metal Structures for Aircraft","publisher":{"@id":"https:\/\/www.fregate-aero.com\/#organization"},"potentialAction":[{"@type":"SearchAction","target":{"@type":"EntryPoint","urlTemplate":"https:\/\/www.fregate-aero.com\/?s={search_term_string}"},"query-input":{"@type":"PropertyValueSpecification","valueRequired":true,"valueName":"search_term_string"}}],"inLanguage":"fr-FR"},{"@type":"Organization","@id":"https:\/\/www.fregate-aero.com\/#organization","name":"FREGATE AERO","url":"https:\/\/www.fregate-aero.com\/","logo":{"@type":"ImageObject","inLanguage":"fr-FR","@id":"https:\/\/www.fregate-aero.com\/#\/schema\/logo\/image\/","url":"https:\/\/www.fregate-aero.com\/wp-content\/uploads\/2021\/12\/cropped-LOGO-FREGATE-AERO.png","contentUrl":"https:\/\/www.fregate-aero.com\/wp-content\/uploads\/2021\/12\/cropped-LOGO-FREGATE-AERO.png","width":304,"height":111,"caption":"FREGATE AERO"},"image":{"@id":"https:\/\/www.fregate-aero.com\/#\/schema\/logo\/image\/"}},{"@type":"Person","@id":"https:\/\/www.fregate-aero.com\/#\/schema\/person\/82439743661996d8ea30aa2c47538f10","name":"webmaster","image":{"@type":"ImageObject","inLanguage":"fr-FR","@id":"https:\/\/secure.gravatar.com\/avatar\/5b9c05d3bcc17e206913a15fac619a1d4e474e6aabf109912f07cfe5928493f6?s=96&d=mm&r=g","url":"https:\/\/secure.gravatar.com\/avatar\/5b9c05d3bcc17e206913a15fac619a1d4e474e6aabf109912f07cfe5928493f6?s=96&d=mm&r=g","contentUrl":"https:\/\/secure.gravatar.com\/avatar\/5b9c05d3bcc17e206913a15fac619a1d4e474e6aabf109912f07cfe5928493f6?s=96&d=mm&r=g","caption":"webmaster"},"url":"https:\/\/www.fregate-aero.com\/author\/wb26\/"}]}},"_links":{"self":[{"href":"https:\/\/www.fregate-aero.com\/wfpf-json\/wp\/v2\/posts\/3091","targetHints":{"allow":["GET"]}}],"collection":[{"href":"https:\/\/www.fregate-aero.com\/wfpf-json\/wp\/v2\/posts"}],"about":[{"href":"https:\/\/www.fregate-aero.com\/wfpf-json\/wp\/v2\/types\/post"}],"author":[{"embeddable":true,"href":"https:\/\/www.fregate-aero.com\/wfpf-json\/wp\/v2\/users\/1"}],"replies":[{"embeddable":true,"href":"https:\/\/www.fregate-aero.com\/wfpf-json\/wp\/v2\/comments?post=3091"}],"version-history":[{"count":5,"href":"https:\/\/www.fregate-aero.com\/wfpf-json\/wp\/v2\/posts\/3091\/revisions"}],"predecessor-version":[{"id":3111,"href":"https:\/\/www.fregate-aero.com\/wfpf-json\/wp\/v2\/posts\/3091\/revisions\/3111"}],"wp:featuredmedia":[{"embeddable":true,"href":"https:\/\/www.fregate-aero.com\/wfpf-json\/wp\/v2\/media\/3105"}],"wp:attachment":[{"href":"https:\/\/www.fregate-aero.com\/wfpf-json\/wp\/v2\/media?parent=3091"}],"wp:term":[{"taxonomy":"category","embeddable":true,"href":"https:\/\/www.fregate-aero.com\/wfpf-json\/wp\/v2\/categories?post=3091"},{"taxonomy":"post_tag","embeddable":true,"href":"https:\/\/www.fregate-aero.com\/wfpf-json\/wp\/v2\/tags?post=3091"}],"curies":[{"name":"wp","href":"https:\/\/api.w.org\/{rel}","templated":true}]}}